{"id":17861,"date":"2022-01-25T10:33:21","date_gmt":"2022-01-25T10:33:21","guid":{"rendered":"https:\/\/glnmolds.pt\/?p=17861"},"modified":"2024-01-31T18:39:59","modified_gmt":"2024-01-31T18:39:59","slug":"projetos-autonomos-de-formacao-2","status":"publish","type":"post","link":"https:\/\/glnmolds.pt\/es\/projetos-autonomos-de-formacao-2\/","title":{"rendered":"Proyectos de formaci\u00f3n aut\u00f3nomos"},"content":{"rendered":"<p>[vc_row][vc_column][vc_column_text]GLNMolds, S.A. ha participado en un proyecto denominado: \u201cProjetos Aut\u00f3nomos de Forma\u00e7\u00e3o\u201d que tuvo como objetivo principal el incremento de la calificaci\u00f3n y competitividad de la empresa. Los fundos y las inversiones asociados se realizaron de acuerdo con los siguientes detalles:<\/p>\n<p><strong>Proyecto n\u00famero<\/strong> 047388<\/p>\n<p><strong>Denominaci\u00f3n del Proyecto <\/strong>| Proyectos de formaci\u00f3n aut\u00f3nomos<\/p>\n<p><strong>Objetivo principal<\/strong> | Incrementar la calificaci\u00f3n y la competitividad de la empresa.<\/p>\n<p><strong>Entidad Beneficiaria<\/strong> | GLNMOLDS, S.A.<\/p>\n<p><strong>Inversi\u00f3n Total<\/strong> | 122 837,24\u20ac<\/p>\n<p><strong>Apoyo financiero de la Uni\u00f3n Europea<\/strong> | 59 822,24\u20ac[\/vc_column_text][\/vc_column][\/vc_row][vc_row][vc_column]<div class=\"grve-element grve-box-icon grve-extra-small grve-side-icon grve-align-left\" style=\"\"><a href=\"https:\/\/glnmolds.pt\/wp-content\/uploads\/GLNMolds_Ficha-Projeto_site-1.pdf\" target=\"_blank\"><div class=\"grve-wrapper-icon grve-no-shape\" style=\"\"><i class=\"grve-text-primary-2 entypo-icon entypo-icon-download\"><\/i><\/div><div class=\"grve-box-content\"><div class=\"grve-box-title-wrapper\"><h3 class=\"grve-box-title grve-leader-text\">Hoja de Proyecto<\/h3><\/div><\/div><\/a><\/div>[\/vc_column][\/vc_row][vc_row][vc_column][vc_column_text]GLNMolds, S.A. ha participado en un proyecto denominado: \u201cProjetos Aut\u00f3nomos de Forma\u00e7\u00e3o\u201d que tuvo como objetivo principal el incremento de la calificaci\u00f3n y competitividad de la empresa. Los fundos y las inversiones asociados se realizaron de acuerdo con los siguientes detalles:<\/p>\n<p><strong>Proyecto n\u00famero<\/strong> 182548<\/p>\n<p><strong>Denominaci\u00f3n del Proyecto <\/strong>| Proyectos de formaci\u00f3n aut\u00f3nomos &#8211; PRODUTECH Cluster<\/p>\n<p><strong>Objetivo principal<\/strong> | Incrementar la calificaci\u00f3n y la competitividad de la empresa.<\/p>\n<p><strong>Entidad Beneficiaria<\/strong> | GLNMOLDS, S.A.<\/p>\n<p><strong>Inversi\u00f3n Total<\/strong> | 26 491,44\u20ac<\/p>\n<p><strong>Apoyo financiero de la Uni\u00f3n Europea<\/strong> | 13 245,72\u20ac[\/vc_column_text][\/vc_column][\/vc_row][vc_row][vc_column]<div class=\"grve-element grve-box-icon grve-extra-small grve-side-icon grve-align-left\" style=\"\"><a href=\"https:\/\/glnmolds.pt\/wp-content\/uploads\/Ficha-Projeto_GLNMOLDS_2023.pdf\" target=\"_blank\"><div class=\"grve-wrapper-icon grve-no-shape\" style=\"\"><i class=\"grve-text-primary-2 entypo-icon entypo-icon-download\"><\/i><\/div><div class=\"grve-box-content\"><div class=\"grve-box-title-wrapper\"><h3 class=\"grve-box-title grve-leader-text\">Hoja de Proyecto<\/h3><\/div><\/div><\/a><\/div>[\/vc_column][\/vc_row]<\/p>","protected":false},"excerpt":{"rendered":"<p>[vc_row][vc_column][vc_column_text]GLNMolds, S.A. ha participado en un proyecto denominado: \u201cProjetos Aut\u00f3nomos de Forma\u00e7\u00e3o\u201d que tuvo como objetivo principal el incremento de la calificaci\u00f3n y competitividad de la empresa. Los fundos y las inversiones asociados se realizaron de acuerdo con los siguientes detalles: Proyecto n\u00famero 047388 Denominaci\u00f3n del Proyecto | Proyectos de formaci\u00f3n aut\u00f3nomos Objetivo principal | [&hellip;]<\/p>\n","protected":false},"author":1,"featured_media":17885,"comment_status":"closed","ping_status":"closed","sticky":false,"template":"","format":"standard","meta":{"footnotes":""},"categories":[50],"tags":[],"class_list":["post-17861","post","type-post","status-publish","format-standard","has-post-thumbnail","hentry","category-info"],"yoast_head":"<!-- This site is optimized with the Yoast SEO plugin v18.5.1 - https:\/\/yoast.com\/wordpress\/plugins\/seo\/ -->\n<title>Proyectos de formaci\u00f3n aut\u00f3nomos - GLN Molds<\/title>\n<meta name=\"description\" content=\"(Portugu\u00eas) A GLNMolds, S.A. participou em projeto com a designa\u00e7\u00e3o: \u201cProjetos Aut\u00f3nomos de Forma\u00e7\u00e3o\u201d que teve como principal objetivo o aumento da qualifica\u00e7\u00e3o e da competitividade da empresa.\" \/>\n<meta name=\"robots\" content=\"index, follow, max-snippet:-1, max-image-preview:large, max-video-preview:-1\" \/>\n<link rel=\"canonical\" href=\"https:\/\/glnmolds.pt\/projetos-autonomos-de-formacao-2\/\" \/>\n<meta property=\"og:locale\" content=\"es_ES\" \/>\n<meta property=\"og:type\" content=\"article\" \/>\n<meta property=\"og:title\" content=\"Proyectos de formaci\u00f3n aut\u00f3nomos - GLN Molds\" \/>\n<meta property=\"og:description\" content=\"{:pt}A GLNMolds, S.A. participou em projeto com a designa\u00e7\u00e3o: \u201cProjetos Aut\u00f3nomos de Forma\u00e7\u00e3o\u201d que teve como principal objetivo o aumento da qualifica\u00e7\u00e3o e da competitividade da empresa.{:}\" \/>\n<meta property=\"og:url\" content=\"https:\/\/glnmolds.pt\/projetos-autonomos-de-formacao-2\/\" \/>\n<meta property=\"og:site_name\" content=\"GLN Molds\" \/>\n<meta property=\"article:published_time\" content=\"2022-01-25T10:33:21+00:00\" \/>\n<meta property=\"article:modified_time\" content=\"2024-01-31T18:39:59+00:00\" \/>\n<meta property=\"og:image\" content=\"https:\/\/glnmolds.pt\/wp-content\/uploads\/Logotipos-PAF_website-GLNMOLDS.png\" \/>\n\t<meta property=\"og:image:width\" content=\"1600\" \/>\n\t<meta property=\"og:image:height\" content=\"900\" \/>\n\t<meta property=\"og:image:type\" content=\"image\/png\" \/>\n<meta name=\"twitter:card\" content=\"summary_large_image\" \/>\n<meta name=\"twitter:label1\" content=\"Escrito por\" \/>\n\t<meta name=\"twitter:data1\" content=\"admin\" \/>\n\t<meta name=\"twitter:label2\" content=\"Tiempo de lectura\" \/>\n\t<meta name=\"twitter:data2\" content=\"1 minuto\" \/>\n<script type=\"application\/ld+json\" class=\"yoast-schema-graph\">{\"@context\":\"https:\/\/schema.org\",\"@graph\":[{\"@type\":\"WebSite\",\"@id\":\"https:\/\/glnmolds.pt\/#website\",\"url\":\"https:\/\/glnmolds.pt\/\",\"name\":\"GLN Molds\",\"description\":\"Molding the Future\",\"potentialAction\":[{\"@type\":\"SearchAction\",\"target\":{\"@type\":\"EntryPoint\",\"urlTemplate\":\"https:\/\/glnmolds.pt\/?s={search_term_string}\"},\"query-input\":\"required name=search_term_string\"}],\"inLanguage\":\"es\"},{\"@type\":\"ImageObject\",\"@id\":\"https:\/\/glnmolds.pt\/projetos-autonomos-de-formacao-2\/#primaryimage\",\"inLanguage\":\"es\",\"url\":\"https:\/\/glnmolds.pt\/wp-content\/uploads\/Logotipos-PAF_website-GLNMOLDS.png\",\"contentUrl\":\"https:\/\/glnmolds.pt\/wp-content\/uploads\/Logotipos-PAF_website-GLNMOLDS.png\",\"width\":1600,\"height\":900,\"caption\":\"Logotipos promotores dos Projetos aut\u00f3nomos de forma\u00e7\u00e3o; Compete2020; P2020; Fundo Social Europeu\"},{\"@type\":\"WebPage\",\"@id\":\"https:\/\/glnmolds.pt\/projetos-autonomos-de-formacao-2\/#webpage\",\"url\":\"https:\/\/glnmolds.pt\/projetos-autonomos-de-formacao-2\/\",\"name\":\"Proyectos de formaci\u00f3n aut\u00f3nomos - GLN Molds\",\"isPartOf\":{\"@id\":\"https:\/\/glnmolds.pt\/#website\"},\"primaryImageOfPage\":{\"@id\":\"https:\/\/glnmolds.pt\/projetos-autonomos-de-formacao-2\/#primaryimage\"},\"datePublished\":\"2022-01-25T10:33:21+00:00\",\"dateModified\":\"2024-01-31T18:39:59+00:00\",\"author\":{\"@id\":\"https:\/\/glnmolds.pt\/#\/schema\/person\/81b0f9133275fb466ae2e7c259d23da2\"},\"description\":\"{:pt}A GLNMolds, S.A. participou em projeto com a designa\u00e7\u00e3o: \u201cProjetos Aut\u00f3nomos de Forma\u00e7\u00e3o\u201d que teve como principal objetivo o aumento da qualifica\u00e7\u00e3o e da competitividade da empresa.{:}\",\"breadcrumb\":{\"@id\":\"https:\/\/glnmolds.pt\/projetos-autonomos-de-formacao-2\/#breadcrumb\"},\"inLanguage\":\"es\",\"potentialAction\":[{\"@type\":\"ReadAction\",\"target\":[\"https:\/\/glnmolds.pt\/projetos-autonomos-de-formacao-2\/\"]}]},{\"@type\":\"BreadcrumbList\",\"@id\":\"https:\/\/glnmolds.pt\/projetos-autonomos-de-formacao-2\/#breadcrumb\",\"itemListElement\":[{\"@type\":\"ListItem\",\"position\":1,\"name\":\"In\u00edcio\",\"item\":\"https:\/\/glnmolds.pt\/de\/\"},{\"@type\":\"ListItem\",\"position\":2,\"name\":\"Projetos Aut\u00f3nomos de Forma\u00e7\u00e3o\"}]},{\"@type\":\"Person\",\"@id\":\"https:\/\/glnmolds.pt\/#\/schema\/person\/81b0f9133275fb466ae2e7c259d23da2\",\"name\":\"admin\",\"image\":{\"@type\":\"ImageObject\",\"@id\":\"https:\/\/glnmolds.pt\/#personlogo\",\"inLanguage\":\"es\",\"url\":\"https:\/\/secure.gravatar.com\/avatar\/9cdd13781e1e6d78819042e9c138f92bda925ba5ea8db007d060affad3c93239?s=96&d=mm&r=g\",\"contentUrl\":\"https:\/\/secure.gravatar.com\/avatar\/9cdd13781e1e6d78819042e9c138f92bda925ba5ea8db007d060affad3c93239?s=96&d=mm&r=g\",\"caption\":\"admin\"},\"url\":\"https:\/\/glnmolds.pt\/es\/author\/admin\/\"}]}<\/script>\n<!-- \/ Yoast SEO plugin. -->","yoast_head_json":{"title":"Proyectos de formaci\u00f3n aut\u00f3nomos - GLN Molds","description":"(Portugu\u00eas) A GLNMolds, S.A. participou em projeto com a designa\u00e7\u00e3o: \u201cProjetos Aut\u00f3nomos de Forma\u00e7\u00e3o\u201d que teve como principal objetivo o aumento da qualifica\u00e7\u00e3o e da competitividade da empresa.","robots":{"index":"index","follow":"follow","max-snippet":"max-snippet:-1","max-image-preview":"max-image-preview:large","max-video-preview":"max-video-preview:-1"},"canonical":"https:\/\/glnmolds.pt\/projetos-autonomos-de-formacao-2\/","og_locale":"es_ES","og_type":"article","og_title":"Proyectos de formaci\u00f3n aut\u00f3nomos - GLN Molds","og_description":"{:pt}A GLNMolds, S.A. participou em projeto com a designa\u00e7\u00e3o: \u201cProjetos Aut\u00f3nomos de Forma\u00e7\u00e3o\u201d que teve como principal objetivo o aumento da qualifica\u00e7\u00e3o e da competitividade da empresa.{:}","og_url":"https:\/\/glnmolds.pt\/projetos-autonomos-de-formacao-2\/","og_site_name":"GLN Molds","article_published_time":"2022-01-25T10:33:21+00:00","article_modified_time":"2024-01-31T18:39:59+00:00","og_image":[{"width":1600,"height":900,"url":"https:\/\/glnmolds.pt\/wp-content\/uploads\/Logotipos-PAF_website-GLNMOLDS.png","type":"image\/png"}],"twitter_card":"summary_large_image","twitter_misc":{"Escrito por":"admin","Tiempo de lectura":"1 minuto"},"schema":{"@context":"https:\/\/schema.org","@graph":[{"@type":"WebSite","@id":"https:\/\/glnmolds.pt\/#website","url":"https:\/\/glnmolds.pt\/","name":"GLN Molds","description":"Molding the Future","potentialAction":[{"@type":"SearchAction","target":{"@type":"EntryPoint","urlTemplate":"https:\/\/glnmolds.pt\/?s={search_term_string}"},"query-input":"required name=search_term_string"}],"inLanguage":"es"},{"@type":"ImageObject","@id":"https:\/\/glnmolds.pt\/projetos-autonomos-de-formacao-2\/#primaryimage","inLanguage":"es","url":"https:\/\/glnmolds.pt\/wp-content\/uploads\/Logotipos-PAF_website-GLNMOLDS.png","contentUrl":"https:\/\/glnmolds.pt\/wp-content\/uploads\/Logotipos-PAF_website-GLNMOLDS.png","width":1600,"height":900,"caption":"Logotipos promotores dos Projetos aut\u00f3nomos de forma\u00e7\u00e3o; Compete2020; P2020; Fundo Social Europeu"},{"@type":"WebPage","@id":"https:\/\/glnmolds.pt\/projetos-autonomos-de-formacao-2\/#webpage","url":"https:\/\/glnmolds.pt\/projetos-autonomos-de-formacao-2\/","name":"Proyectos de formaci\u00f3n aut\u00f3nomos - GLN Molds","isPartOf":{"@id":"https:\/\/glnmolds.pt\/#website"},"primaryImageOfPage":{"@id":"https:\/\/glnmolds.pt\/projetos-autonomos-de-formacao-2\/#primaryimage"},"datePublished":"2022-01-25T10:33:21+00:00","dateModified":"2024-01-31T18:39:59+00:00","author":{"@id":"https:\/\/glnmolds.pt\/#\/schema\/person\/81b0f9133275fb466ae2e7c259d23da2"},"description":"{:pt}A GLNMolds, S.A. participou em projeto com a designa\u00e7\u00e3o: \u201cProjetos Aut\u00f3nomos de Forma\u00e7\u00e3o\u201d que teve como principal objetivo o aumento da qualifica\u00e7\u00e3o e da competitividade da empresa.{:}","breadcrumb":{"@id":"https:\/\/glnmolds.pt\/projetos-autonomos-de-formacao-2\/#breadcrumb"},"inLanguage":"es","potentialAction":[{"@type":"ReadAction","target":["https:\/\/glnmolds.pt\/projetos-autonomos-de-formacao-2\/"]}]},{"@type":"BreadcrumbList","@id":"https:\/\/glnmolds.pt\/projetos-autonomos-de-formacao-2\/#breadcrumb","itemListElement":[{"@type":"ListItem","position":1,"name":"In\u00edcio","item":"https:\/\/glnmolds.pt\/de\/"},{"@type":"ListItem","position":2,"name":"Projetos Aut\u00f3nomos de Forma\u00e7\u00e3o"}]},{"@type":"Person","@id":"https:\/\/glnmolds.pt\/#\/schema\/person\/81b0f9133275fb466ae2e7c259d23da2","name":"admin","image":{"@type":"ImageObject","@id":"https:\/\/glnmolds.pt\/#personlogo","inLanguage":"es","url":"https:\/\/secure.gravatar.com\/avatar\/9cdd13781e1e6d78819042e9c138f92bda925ba5ea8db007d060affad3c93239?s=96&d=mm&r=g","contentUrl":"https:\/\/secure.gravatar.com\/avatar\/9cdd13781e1e6d78819042e9c138f92bda925ba5ea8db007d060affad3c93239?s=96&d=mm&r=g","caption":"admin"},"url":"https:\/\/glnmolds.pt\/es\/author\/admin\/"}]}},"_links":{"self":[{"href":"https:\/\/glnmolds.pt\/es\/wp-json\/wp\/v2\/posts\/17861","targetHints":{"allow":["GET"]}}],"collection":[{"href":"https:\/\/glnmolds.pt\/es\/wp-json\/wp\/v2\/posts"}],"about":[{"href":"https:\/\/glnmolds.pt\/es\/wp-json\/wp\/v2\/types\/post"}],"author":[{"embeddable":true,"href":"https:\/\/glnmolds.pt\/es\/wp-json\/wp\/v2\/users\/1"}],"replies":[{"embeddable":true,"href":"https:\/\/glnmolds.pt\/es\/wp-json\/wp\/v2\/comments?post=17861"}],"version-history":[{"count":28,"href":"https:\/\/glnmolds.pt\/es\/wp-json\/wp\/v2\/posts\/17861\/revisions"}],"predecessor-version":[{"id":17896,"href":"https:\/\/glnmolds.pt\/es\/wp-json\/wp\/v2\/posts\/17861\/revisions\/17896"}],"wp:featuredmedia":[{"embeddable":true,"href":"https:\/\/glnmolds.pt\/es\/wp-json\/wp\/v2\/media\/17885"}],"wp:attachment":[{"href":"https:\/\/glnmolds.pt\/es\/wp-json\/wp\/v2\/media?parent=17861"}],"wp:term":[{"taxonomy":"category","embeddable":true,"href":"https:\/\/glnmolds.pt\/es\/wp-json\/wp\/v2\/categories?post=17861"},{"taxonomy":"post_tag","embeddable":true,"href":"https:\/\/glnmolds.pt\/es\/wp-json\/wp\/v2\/tags?post=17861"}],"curies":[{"name":"wp","href":"https:\/\/api.w.org\/{rel}","templated":true}]}}